{"id":244,"date":"2025-01-24T18:12:34","date_gmt":"2025-01-24T18:12:34","guid":{"rendered":"https:\/\/paroz-fleurs.ch\/?p=244"},"modified":"2026-02-06T17:11:01","modified_gmt":"2026-02-06T17:11:01","slug":"jai-recu-un-bouquet","status":"publish","type":"post","link":"https:\/\/paroz-fleurs.ch\/?p=244","title":{"rendered":"J&rsquo;ai re\u00e7u un bouquet!"},"content":{"rendered":"\n<p>Mais comment m&rsquo;en occuper ?<\/p>\n\n\n\n<div class=\"wp-block-columns is-layout-flex wp-container-core-columns-is-layout-1 wp-block-columns-is-layout-flex\">\n<div class=\"wp-block-column is-layout-flow wp-block-column-is-layout-flow\" style=\"flex-basis:100%\">\n<p>Voir si votre bouquet est un bouquet rond . C&rsquo;est un bouquet travaill\u00e9, et les tiges sont courtes. Si c&rsquo;est le cas , il est primordial de ne pas couper la ficelle. Pour que celui-ci reste beau comme la fleuriste l&rsquo;a pr\u00e9par\u00e9. Si ce n&rsquo;est pas le cas: couper la ficelle, et plonger les tiges dans une eau \u00e0 temp\u00e9rature ambiante. <\/p>\n\n\n\n<p>Le sachet qui est joint \u00e0 l&#8217;emballage est \u00e0 verser dans l&rsquo;eau du vase. Il permet de garder l&rsquo;eau des fleurs propres pendant 3 jours. Apr\u00e8s 3 jours, changer l&rsquo;eau.<\/p>\n\n\n\n<p>En hiver , le chauffage et l&rsquo;air plus sec ont tendance \u00e0 faire s&rsquo;\u00e9vaporer l&rsquo;eau des vases de nos fleurs , soyez attentifs et rajouter de l&rsquo;eau aussi souvent que n\u00e9cessaire.<\/p>\n<\/div>\n<\/div>\n\n\n\n<p>Bouquet de roses: les roses ont besoin d&rsquo;eau jusqu&rsquo;\u00e0 la moiti\u00e9 de leur tige. <\/p>\n\n\n\n<figure class=\"wp-block-image size-large wp-duotone-duotone-2\"><img loading=\"lazy\" decoding=\"async\" width=\"1024\" height=\"726\" src=\"https:\/\/paroz-fleurs.ch\/wp-content\/uploads\/2025\/01\/Soin-pour-vos-roses-1024x726.png\" alt=\"\" class=\"wp-image-478\" srcset=\"https:\/\/paroz-fleurs.ch\/wp-content\/uploads\/2025\/01\/Soin-pour-vos-roses-1024x726.png 1024w, https:\/\/paroz-fleurs.ch\/wp-content\/uploads\/2025\/01\/Soin-pour-vos-roses-300x213.png 300w, https:\/\/paroz-fleurs.ch\/wp-content\/uploads\/2025\/01\/Soin-pour-vos-roses-768x545.png 768w, https:\/\/paroz-fleurs.ch\/wp-content\/uploads\/2025\/01\/Soin-pour-vos-roses-1536x1090.png 1536w, https:\/\/paroz-fleurs.ch\/wp-content\/uploads\/2025\/01\/Soin-pour-vos-roses.png 1748w\" sizes=\"auto, (max-width: 1024px) 100vw, 1024px\" \/><\/figure>\n","protected":false},"excerpt":{"rendered":"<p>Mais comment m&rsquo;en occuper ? Voir si votre bouquet est un bouquet rond . C&rsquo;est un bouquet travaill\u00e9, et les tiges sont courtes. Si c&rsquo;est le cas , il est primordial de ne pas couper la ficelle. Pour que celui-ci reste beau comme la fleuriste l&rsquo;a pr\u00e9par\u00e9. Si ce n&rsquo;est pas le cas: couper la [&hellip;]<\/p>\n","protected":false},"author":1,"featured_media":0,"comment_status":"closed","ping_status":"closed","sticky":false,"template":"","format":"standard","meta":{"footnotes":""},"categories":[5],"tags":[],"class_list":["post-244","post","type-post","status-publish","format-standard","hentry","category-soins-aux-vegetaux"],"_links":{"self":[{"href":"https:\/\/paroz-fleurs.ch\/index.php?rest_route=\/wp\/v2\/posts\/244","targetHints":{"allow":["GET"]}}],"collection":[{"href":"https:\/\/paroz-fleurs.ch\/index.php?rest_route=\/wp\/v2\/posts"}],"about":[{"href":"https:\/\/paroz-fleurs.ch\/index.php?rest_route=\/wp\/v2\/types\/post"}],"author":[{"embeddable":true,"href":"https:\/\/paroz-fleurs.ch\/index.php?rest_route=\/wp\/v2\/users\/1"}],"replies":[{"embeddable":true,"href":"https:\/\/paroz-fleurs.ch\/index.php?rest_route=%2Fwp%2Fv2%2Fcomments&post=244"}],"version-history":[{"count":5,"href":"https:\/\/paroz-fleurs.ch\/index.php?rest_route=\/wp\/v2\/posts\/244\/revisions"}],"predecessor-version":[{"id":480,"href":"https:\/\/paroz-fleurs.ch\/index.php?rest_route=\/wp\/v2\/posts\/244\/revisions\/480"}],"wp:attachment":[{"href":"https:\/\/paroz-fleurs.ch\/index.php?rest_route=%2Fwp%2Fv2%2Fmedia&parent=244"}],"wp:term":[{"taxonomy":"category","embeddable":true,"href":"https:\/\/paroz-fleurs.ch\/index.php?rest_route=%2Fwp%2Fv2%2Fcategories&post=244"},{"taxonomy":"post_tag","embeddable":true,"href":"https:\/\/paroz-fleurs.ch\/index.php?rest_route=%2Fwp%2Fv2%2Ftags&post=244"}],"curies":[{"name":"wp","href":"https:\/\/api.w.org\/{rel}","templated":true}]}}