{"id":601,"date":"2026-07-04T14:58:32","date_gmt":"2026-07-04T14:58:32","guid":{"rendered":"https:\/\/paroz-fleurs.ch\/?p=601"},"modified":"2026-07-04T14:58:32","modified_gmt":"2026-07-04T14:58:32","slug":"il-fait-chaud-comment-garder-mon-bouquet","status":"publish","type":"post","link":"https:\/\/paroz-fleurs.ch\/?p=601","title":{"rendered":"Il fait chaud, comment garder mon bouquet?"},"content":{"rendered":"\n<p>En \u00e9t\u00e9 , la temp\u00e9rature de nos appartements atteint parfois 27 ou 28 degr\u00e9s. Et les fleurs, tout comme nous, en souffrent. Une fleur coup\u00e9e est coup\u00e9e donc elle n&rsquo;a plus ses racines pour lui donner la force. L&rsquo;eau de nos vases devient tr\u00e8s rapidement trouble et ne nourrit plus les fleurs. M\u00eame le sachet de vitamines donn\u00e9 par le fleuriste ne sert plus \u00e0 rien.  Voici donc quelques conseils pour cette p\u00e9riode estivale:<\/p>\n\n\n\n<ul class=\"wp-block-list\">\n<li>Changer l&rsquo;eau chaque jour: nettoyer le vase et remettre de la nouvelle eau. Remplir le vase jusqu&rsquo;en haut , la moiti\u00e9 des tiges doit \u00eatre dans l&rsquo;eau (surtout pour les roses)<\/li>\n\n\n\n<li>Recouper les tiges tous les 2 jours.<\/li>\n\n\n\n<li>Jamais, jamais le bouquet au soleil et jamais \u00e0 c\u00f4t\u00e9 d&rsquo;une corbeille de fruits.<\/li>\n\n\n\n<li>Si la nuit est fra\u00eeche et paisible, le bouquet peut passer la nuit dehors. Ces quelques heures \u00e0 15 voir 18 degr\u00e9s lui feront un grand bien!!<\/li>\n<\/ul>\n","protected":false},"excerpt":{"rendered":"<p>En \u00e9t\u00e9 , la temp\u00e9rature de nos appartements atteint parfois 27 ou 28 degr\u00e9s. Et les fleurs, tout comme nous, en souffrent. Une fleur coup\u00e9e est coup\u00e9e donc elle n&rsquo;a plus ses racines pour lui donner la force. L&rsquo;eau de nos vases devient tr\u00e8s rapidement trouble et ne nourrit plus les fleurs. M\u00eame le sachet [&hellip;]<\/p>\n","protected":false},"author":1,"featured_media":0,"comment_status":"closed","ping_status":"open","sticky":false,"template":"","format":"standard","meta":{"footnotes":""},"categories":[1],"tags":[],"class_list":["post-601","post","type-post","status-publish","format-standard","hentry","category-uncategorized"],"_links":{"self":[{"href":"https:\/\/paroz-fleurs.ch\/index.php?rest_route=\/wp\/v2\/posts\/601","targetHints":{"allow":["GET"]}}],"collection":[{"href":"https:\/\/paroz-fleurs.ch\/index.php?rest_route=\/wp\/v2\/posts"}],"about":[{"href":"https:\/\/paroz-fleurs.ch\/index.php?rest_route=\/wp\/v2\/types\/post"}],"author":[{"embeddable":true,"href":"https:\/\/paroz-fleurs.ch\/index.php?rest_route=\/wp\/v2\/users\/1"}],"replies":[{"embeddable":true,"href":"https:\/\/paroz-fleurs.ch\/index.php?rest_route=%2Fwp%2Fv2%2Fcomments&post=601"}],"version-history":[{"count":1,"href":"https:\/\/paroz-fleurs.ch\/index.php?rest_route=\/wp\/v2\/posts\/601\/revisions"}],"predecessor-version":[{"id":602,"href":"https:\/\/paroz-fleurs.ch\/index.php?rest_route=\/wp\/v2\/posts\/601\/revisions\/602"}],"wp:attachment":[{"href":"https:\/\/paroz-fleurs.ch\/index.php?rest_route=%2Fwp%2Fv2%2Fmedia&parent=601"}],"wp:term":[{"taxonomy":"category","embeddable":true,"href":"https:\/\/paroz-fleurs.ch\/index.php?rest_route=%2Fwp%2Fv2%2Fcategories&post=601"},{"taxonomy":"post_tag","embeddable":true,"href":"https:\/\/paroz-fleurs.ch\/index.php?rest_route=%2Fwp%2Fv2%2Ftags&post=601"}],"curies":[{"name":"wp","href":"https:\/\/api.w.org\/{rel}","templated":true}]}}